{"id":125,"date":"2020-11-02T11:13:03","date_gmt":"2020-11-02T10:13:03","guid":{"rendered":"https:\/\/blogs.eleves.ens.fr\/jurisprudens\/?p=125"},"modified":"2020-11-02T12:19:41","modified_gmt":"2020-11-02T11:19:41","slug":"votre-attestation-sil-vous-plait","status":"publish","type":"post","link":"https:\/\/blogs.eleves.ens.fr\/jurisprudens\/2020\/11\/02\/votre-attestation-sil-vous-plait\/","title":{"rendered":"Votre attestation, s&rsquo;il-vous-pla\u00eet !"},"content":{"rendered":"<p><span style=\"color: #808080\"><em>Cet article n&rsquo;a pas vocation \u00e0 vous inciter \u00e0 ne pas remplir enti\u00e8rement l&rsquo;attestation de d\u00e9placement d\u00e9rogatoire.<\/em><\/span><\/p>\n<p>Retour du confinement et\u2026 retour des attestations d\u00e9rogatoires ! Depuis l\u2019annonce pr\u00e9sidentielle du 28 octobre, les ministres se succ\u00e8dent sur les chaines d\u2019informations pour d\u00e9tailler les cas et conditions dans lesquelles les fran\u00e7ais pourront sortir de chez eux. La d\u00e9marcation entre l\u2019interdit et l\u2019autoris\u00e9 est parfois floue, on tente de vous l\u2019expliquer.<\/p>\n<p>On peut le lire en premi\u00e8re ligne de l\u2019attestation fournie, elle est prise \u00ab\u00a0En application du d\u00e9cret n\u00b02020-1310 du 29 octobre 2020 prescrivant les mesures g\u00e9n\u00e9rales n\u00e9cessaires pour faire face \u00e0 l&rsquo;\u00e9pid\u00e9mie de Covid19 dans le cadre de l&rsquo;\u00e9tat d&rsquo;urgence sanitaire\u00a0\u00bb, c\u2019est donc \u00e0 ce texte qu\u2019il faut se r\u00e9f\u00e9rer, et non aux paroles des membres du gouvernement et des m\u00e9dias qui les relaient.<\/p>\n<p>Ainsi, pour vous mouvoir hors de votre lieu de r\u00e9sidence, vous \u00eates tenus de justifier &#8211; en cas de contr\u00f4le &#8211; que votre d\u00e9placement s\u2019effectue pour l\u2019un des motifs \u00e9nonc\u00e9s \u00e0 l\u2019article 4 du d\u00e9cret, motifs qui sont reproduits dans l\u2019attestation. Il n\u2019est cependant pas sp\u00e9cifi\u00e9 que vous \u00eates tenus de pr\u00e9senter l\u2019attestation que l\u2019on trouve sur le site du gouvernement, il suffit en effet de se munir \u00ab\u00a0d\u2019un document leur permettant de justifier que le d\u00e9placement consid\u00e9r\u00e9 entre dans le champ de l&rsquo;une de ces exceptions.\u00a0\u00bb Aussi, aucun formalisme particulier n\u2019est requis.<!--more--><\/p>\n<p>Si toutefois vous souhaitez vous munir de l\u2019attestation-type fournie par le l\u2019Etat, on y lit au bas \u00ab\u00a0Date et heure de d\u00e9but de sortie \u00e0 mentionner obligatoirement\u00a0\u00bb (il est par exemple impossible de g\u00e9n\u00e9rer num\u00e9riquement une attestation sans renseigner ces informations). Or, il n\u2019est nullement fait mention d\u2019une telle obligation dans le d\u00e9cret. Il est bien pr\u00e9vu que les sorties li\u00e9es soit \u00e0 une \u00ab\u00a0activit\u00e9 physique individuelle\u00a0\u00bb soit aux \u00ab\u00a0besoins des animaux de compagnie\u00a0\u00bb doivent se faire \u00ab\u00a0dans la limite d\u2019une heure\u00a0\u00bb mais cela ne revient pas \u00e0 imposer pour toute situation de sortie du domicile, une obligation d\u2019en mentionner les horaires. C\u2019est ainsi qu\u2019en a jug\u00e9 le Conseil d\u2019Etat dans une d\u00e9cision du 20 octobre 2020 : \u00ab\u00a0la simple pr\u00e9sence, dans un mod\u00e8le d&rsquo;attestation facultatif comportant l&rsquo;ensemble des cas de sortie autoris\u00e9e, d&rsquo;un espace permettant, au pied du document, de mentionner l&rsquo;heure de sortie du domicile, ne peut, en tout \u00e9tat de cause, \u00eatre regard\u00e9e comme signifiant que le signataire de l&rsquo;attestation doit mentionner son heure de sortie dans les cas o\u00f9 elle n&rsquo;est pas l\u00e9galement requise.\u00a0\u00bb<br \/>\nNeuf jours se sont \u00e9coul\u00e9s entre cette d\u00e9cision et la publication de l\u2019ordonnance au Journal Officiel, c\u2019est plus qu\u2019assez pour y ajouter la mention en question. Le gouvernement n\u2019ayant pas daign\u00e9 faire figurer l\u2019obligation de mention des horaires dans le d\u00e9cret, il n\u2019y a pas de raison &#8211; juridique &#8211; pour le citoyen de s\u2019astreindre \u00e0 ce formalisme car comme l\u2019a dit le commissaire du gouvernement Corneille en 1917, dans une formule que l\u2019actualit\u00e9 tend \u00e0 d\u00e9mentir : \u00ab\u00a0\u00a0La libert\u00e9 est la r\u00e8gle, la restriction de police l\u2019exception\u00a0\u00bb.<\/p>\n<p>&nbsp;<\/p>\n<p style=\"text-align: right\">Par Alexandre Truc, \u00c9tudiant du master II Th\u00e9orie et analyse du droit<\/p>\n<p>&nbsp;<\/p>\n","protected":false},"excerpt":{"rendered":"<p>Cet article n&rsquo;a pas vocation \u00e0 vous inciter \u00e0 ne pas remplir enti\u00e8rement l&rsquo;attestation de d\u00e9placement d\u00e9rogatoire. Retour du confinement et\u2026 retour des attestations d\u00e9rogatoires ! Depuis l\u2019annonce pr\u00e9sidentielle du 28 octobre, les ministres se succ\u00e8dent sur les chaines d\u2019informations pour d\u00e9tailler les cas et conditions dans lesquelles les fran\u00e7ais pourront sortir de chez eux. &hellip; <a href=\"https:\/\/blogs.eleves.ens.fr\/jurisprudens\/2020\/11\/02\/votre-attestation-sil-vous-plait\/\" class=\"more-link\">Continuer la lecture de <span class=\"screen-reader-text\">Votre attestation, s&rsquo;il-vous-pla\u00eet !<\/span> <span class=\"meta-nav\">&rarr;<\/span><\/a><\/p>\n","protected":false},"author":241,"featured_media":0,"comment_status":"open","ping_status":"open","sticky":false,"template":"","format":"standard","meta":{"footnotes":""},"categories":[1],"tags":[],"class_list":["post-125","post","type-post","status-publish","format-standard","hentry","category-non-classe"],"_links":{"self":[{"href":"https:\/\/blogs.eleves.ens.fr\/jurisprudens\/wp-json\/wp\/v2\/posts\/125","targetHints":{"allow":["GET"]}}],"collection":[{"href":"https:\/\/blogs.eleves.ens.fr\/jurisprudens\/wp-json\/wp\/v2\/posts"}],"about":[{"href":"https:\/\/blogs.eleves.ens.fr\/jurisprudens\/wp-json\/wp\/v2\/types\/post"}],"author":[{"embeddable":true,"href":"https:\/\/blogs.eleves.ens.fr\/jurisprudens\/wp-json\/wp\/v2\/users\/241"}],"replies":[{"embeddable":true,"href":"https:\/\/blogs.eleves.ens.fr\/jurisprudens\/wp-json\/wp\/v2\/comments?post=125"}],"version-history":[{"count":6,"href":"https:\/\/blogs.eleves.ens.fr\/jurisprudens\/wp-json\/wp\/v2\/posts\/125\/revisions"}],"predecessor-version":[{"id":133,"href":"https:\/\/blogs.eleves.ens.fr\/jurisprudens\/wp-json\/wp\/v2\/posts\/125\/revisions\/133"}],"wp:attachment":[{"href":"https:\/\/blogs.eleves.ens.fr\/jurisprudens\/wp-json\/wp\/v2\/media?parent=125"}],"wp:term":[{"taxonomy":"category","embeddable":true,"href":"https:\/\/blogs.eleves.ens.fr\/jurisprudens\/wp-json\/wp\/v2\/categories?post=125"},{"taxonomy":"post_tag","embeddable":true,"href":"https:\/\/blogs.eleves.ens.fr\/jurisprudens\/wp-json\/wp\/v2\/tags?post=125"}],"curies":[{"name":"wp","href":"https:\/\/api.w.org\/{rel}","templated":true}]}}