{"id":99,"date":"2016-06-09T16:09:56","date_gmt":"2016-06-09T14:09:56","guid":{"rendered":"http:\/\/blogs.eleves.ens.fr\/clubbouffe\/?p=99"},"modified":"2016-06-09T16:09:56","modified_gmt":"2016-06-09T14:09:56","slug":"la-tarte-poivron-feta-de-sarah","status":"publish","type":"post","link":"https:\/\/blogs.eleves.ens.fr\/clubbouffe\/2016\/06\/09\/la-tarte-poivron-feta-de-sarah\/","title":{"rendered":"La Tarte Poivron-F\u00eata de Sarah"},"content":{"rendered":"<p><em>Temps de cuisson : 25 minutes<\/em><br \/>\n<em> Difficult\u00e9 : Simple<\/em><br \/>\n<em> Quantit\u00e9 : une tarte<\/em><\/p>\n<p style=\"text-align: center\"><strong>Les Ingr\u00e9dients :<\/strong><\/p>\n<ul>\n<li>Un poivron rouge<\/li>\n<li>Un poivron jaune<\/li>\n<li>Une \u00e9chalote<\/li>\n<li>Un paquet de feta<\/li>\n<li>Une base de p\u00e2te bris\u00e9e<\/li>\n<li>Du parmesan<\/li>\n<li>Des herbes de Provence<\/li>\n<\/ul>\n<p style=\"text-align: center\"><strong>La Pr\u00e9paration : <\/strong><\/p>\n<p>Pr\u00e9chauffer le four \u00e0 180\u00b0C.<\/p>\n<p>Couper les poivrons en julienne et les faire revenir tr\u00e8s bri\u00e8vement avec l&rsquo;\u00e9chalote. \u00c9taler la p\u00e2te dans un moule, la piquer, y mettre les poivrons et la feta coup\u00e9e en d\u00e9s.<\/p>\n<p>Faire cuire 25 minutes \u00e0 180\u00b0C.<\/p>\n<p>La tarte peut se manger froide !<\/p>\n","protected":false},"excerpt":{"rendered":"<p>Temps de cuisson : 25 minutes Difficult\u00e9 : Simple Quantit\u00e9 : une tarte Les Ingr\u00e9dients : Un poivron rouge Un poivron jaune Une \u00e9chalote Un paquet de feta Une base de p\u00e2te bris\u00e9e Du parmesan Des herbes de Provence La &hellip; <a href=\"https:\/\/blogs.eleves.ens.fr\/clubbouffe\/2016\/06\/09\/la-tarte-poivron-feta-de-sarah\/\">Continuer la lecture <span class=\"meta-nav\">&rarr;<\/span><\/a><\/p>\n","protected":false},"author":139,"featured_media":0,"comment_status":"open","ping_status":"open","sticky":false,"template":"","format":"standard","meta":{"footnotes":""},"categories":[13],"tags":[47,43,41,48,39],"class_list":["post-99","post","type-post","status-publish","format-standard","hentry","category-les-tartes-salees","tag-feta","tag-nuizette","tag-parmesan","tag-poivron","tag-sarah"],"_links":{"self":[{"href":"https:\/\/blogs.eleves.ens.fr\/clubbouffe\/wp-json\/wp\/v2\/posts\/99","targetHints":{"allow":["GET"]}}],"collection":[{"href":"https:\/\/blogs.eleves.ens.fr\/clubbouffe\/wp-json\/wp\/v2\/posts"}],"about":[{"href":"https:\/\/blogs.eleves.ens.fr\/clubbouffe\/wp-json\/wp\/v2\/types\/post"}],"author":[{"embeddable":true,"href":"https:\/\/blogs.eleves.ens.fr\/clubbouffe\/wp-json\/wp\/v2\/users\/139"}],"replies":[{"embeddable":true,"href":"https:\/\/blogs.eleves.ens.fr\/clubbouffe\/wp-json\/wp\/v2\/comments?post=99"}],"version-history":[{"count":1,"href":"https:\/\/blogs.eleves.ens.fr\/clubbouffe\/wp-json\/wp\/v2\/posts\/99\/revisions"}],"predecessor-version":[{"id":100,"href":"https:\/\/blogs.eleves.ens.fr\/clubbouffe\/wp-json\/wp\/v2\/posts\/99\/revisions\/100"}],"wp:attachment":[{"href":"https:\/\/blogs.eleves.ens.fr\/clubbouffe\/wp-json\/wp\/v2\/media?parent=99"}],"wp:term":[{"taxonomy":"category","embeddable":true,"href":"https:\/\/blogs.eleves.ens.fr\/clubbouffe\/wp-json\/wp\/v2\/categories?post=99"},{"taxonomy":"post_tag","embeddable":true,"href":"https:\/\/blogs.eleves.ens.fr\/clubbouffe\/wp-json\/wp\/v2\/tags?post=99"}],"curies":[{"name":"wp","href":"https:\/\/api.w.org\/{rel}","templated":true}]}}