{"id":30,"date":"2016-06-08T17:57:37","date_gmt":"2016-06-08T15:57:37","guid":{"rendered":"http:\/\/blogs.eleves.ens.fr\/clubbouffe\/?p=30"},"modified":"2016-06-09T14:19:24","modified_gmt":"2016-06-09T12:19:24","slug":"le-pain-depice-dalice","status":"publish","type":"post","link":"https:\/\/blogs.eleves.ens.fr\/clubbouffe\/2016\/06\/08\/le-pain-depice-dalice\/","title":{"rendered":"Le Pain d&rsquo;\u00e9pice d&rsquo;Alice"},"content":{"rendered":"<p><em>Temps de cuisson : 45 min &#8211; 1 heure<br \/>\n<\/em><\/p>\n<p><em>Difficult\u00e9 : Facile<\/em><\/p>\n<p><em>Quantit\u00e9 :<\/em> <em>Pour un cake<\/em><\/p>\n<p>&nbsp;<\/p>\n<p style=\"text-align: center\"><strong>Les ingr\u00e9dients :<\/strong><\/p>\n<ul>\n<li>250 g de miel<\/li>\n<li>250 g de farine<\/li>\n<li>100 g de <a href=\"http:\/\/www.marmiton.org\/Magazine\/Tendances-Gourmandes_le-gout-des-sucres_1.aspx\">sucre<\/a> en poudre<\/li>\n<li>1 sachet de levure chimique<\/li>\n<li>1 sachet de sucre vanill\u00e9<\/li>\n<li>5 \u00a0cuill\u00e8res \u00e0 caf\u00e9 d\u2019\u00e9pices pour pain d\u2019\u00e9pices<\/li>\n<li>2 \u0153ufs<\/li>\n<li>le jus d\u2019une orange<\/li>\n<\/ul>\n<p style=\"text-align: center\"><strong>La pr\u00e9paration : <\/strong><\/p>\n<p>Pr\u00e9chauffez le four \u00e0 thermostat 5\/6 (160\u00b0C).<\/p>\n<p>Faites chauffer 250 g de miel \u00e0 la casserole ou au micro-ondes, puis versez-le bien chaud dans un saladier sur 250 g de farine, m\u00e9lang\u00e9e \u00e0 1 paquet de levure chimique, les deux sucres et 1 cuill\u00e8re \u00e0 caf\u00e9 de chaque \u00e9pice : anis vert, muscade r\u00e2p\u00e9e, cannelle, gingembre (ou d\u2019\u00e9pices \u00e0 pain d\u2019\u00e9pices)<\/p>\n<p>En remuant cette pr\u00e9paration avec une cuill\u00e8re en bois, incorporez petit \u00e0 petit 2 \u0153ufs, puis le jus d\u2019orange ti\u00e8de pour amalgamer le tout.<\/p>\n<p>Versez la pr\u00e9paration dans un moule \u00e0 cake bien beurr\u00e9 et farin\u00e9.<\/p>\n<p>Enfournez et laissez cuire pendant 45min \u00e0 1h.<\/p>\n<p>D\u00e9moulez le pain d&rsquo;\u00e9pice lorsqu&rsquo;il a totalement refroidi.<\/p>\n<p>&nbsp;<\/p>\n<p>\/!\\ Attention : Si vous ne comptez pas enfourner le g\u00e2teau tout de suite, attendez le dernier moment pour incorporer le jus de l&rsquo;orange ! \/!\\<\/p>\n","protected":false},"excerpt":{"rendered":"<p>Temps de cuisson : 45 min &#8211; 1 heure Difficult\u00e9 : Facile Quantit\u00e9 : Pour un cake &nbsp; Les ingr\u00e9dients : 250 g de miel 250 g de farine 100 g de sucre en poudre 1 sachet de levure chimique &hellip; <a href=\"https:\/\/blogs.eleves.ens.fr\/clubbouffe\/2016\/06\/08\/le-pain-depice-dalice\/\">Continuer la lecture <span class=\"meta-nav\">&rarr;<\/span><\/a><\/p>\n","protected":false},"author":139,"featured_media":0,"comment_status":"open","ping_status":"open","sticky":false,"template":"","format":"standard","meta":{"footnotes":""},"categories":[2,11],"tags":[37,29,45,27,25,28],"class_list":["post-30","post","type-post","status-publish","format-standard","hentry","category-sucre","category-les-cakes","tag-alice","tag-epices","tag-interq","tag-miel","tag-oeufs","tag-orange"],"_links":{"self":[{"href":"https:\/\/blogs.eleves.ens.fr\/clubbouffe\/wp-json\/wp\/v2\/posts\/30","targetHints":{"allow":["GET"]}}],"collection":[{"href":"https:\/\/blogs.eleves.ens.fr\/clubbouffe\/wp-json\/wp\/v2\/posts"}],"about":[{"href":"https:\/\/blogs.eleves.ens.fr\/clubbouffe\/wp-json\/wp\/v2\/types\/post"}],"author":[{"embeddable":true,"href":"https:\/\/blogs.eleves.ens.fr\/clubbouffe\/wp-json\/wp\/v2\/users\/139"}],"replies":[{"embeddable":true,"href":"https:\/\/blogs.eleves.ens.fr\/clubbouffe\/wp-json\/wp\/v2\/comments?post=30"}],"version-history":[{"count":5,"href":"https:\/\/blogs.eleves.ens.fr\/clubbouffe\/wp-json\/wp\/v2\/posts\/30\/revisions"}],"predecessor-version":[{"id":49,"href":"https:\/\/blogs.eleves.ens.fr\/clubbouffe\/wp-json\/wp\/v2\/posts\/30\/revisions\/49"}],"wp:attachment":[{"href":"https:\/\/blogs.eleves.ens.fr\/clubbouffe\/wp-json\/wp\/v2\/media?parent=30"}],"wp:term":[{"taxonomy":"category","embeddable":true,"href":"https:\/\/blogs.eleves.ens.fr\/clubbouffe\/wp-json\/wp\/v2\/categories?post=30"},{"taxonomy":"post_tag","embeddable":true,"href":"https:\/\/blogs.eleves.ens.fr\/clubbouffe\/wp-json\/wp\/v2\/tags?post=30"}],"curies":[{"name":"wp","href":"https:\/\/api.w.org\/{rel}","templated":true}]}}